{"id":86,"date":"2022-08-08T12:47:31","date_gmt":"2022-08-08T12:47:31","guid":{"rendered":"https:\/\/mcpf2020.mcpf.ch\/MCPF2020NewSite\/?p=86"},"modified":"2022-08-08T18:09:14","modified_gmt":"2022-08-08T18:09:14","slug":"news-officielles","status":"publish","type":"post","link":"https:\/\/devtest.mcpf.ch\/?p=86","title":{"rendered":"News Officielles"},"content":{"rendered":"<p><\/p><p class=\"has-medium-font-size\"><strong>Autorit\u00e9 parentale conjointe d\u00e8s le 1er juillet 2014<\/strong><\/p><p style=\"font-size:14px\">C&rsquo;est finalement le 1er juillet 2014 que l&rsquo;autorit\u00e9 parentale conjointe deviendra la r\u00e8gle. <br>Attendue pour le 1er janvier de la m\u00eame ann\u00e9e, c&rsquo;est \u00e0 la demande de la Conf\u00e9rence des cantons en mati\u00e8re de protection de l&rsquo;enfant et de l&rsquo;adulte (COPMA) que l&rsquo;entr\u00e9e en vigueur a \u00e9t\u00e9 retard\u00e9e de six mois. <br><br>La CROP et cinq autres organisations de Suisse al\u00e9manique et du Tessin ont r\u00e9agi vigoureusement \u00e0 ce qu&rsquo;elles ont consid\u00e9r\u00e9 comme une man\u0153uvre, bas\u00e9e sur des arguments contestables. Cette r\u00e9action a vraisemblablement permis de contenir ce report dans des limites certes g\u00eanantes, mais juste acceptables.<br><\/p><div class=\"wp-block-image\"><figure class=\"aligncenter size-full is-resized\"><img loading=\"lazy\" decoding=\"async\" src=\"https:\/\/mcpf2020.mcpf.ch\/MCPF2020NewSite\/wp-content\/uploads\/2022\/08\/Sans-titre.png\" alt=\"\" class=\"wp-image-178\" width=\"452\" height=\"280\"\/><\/figure><\/div><p><\/p><p class=\"has-medium-font-size\"><strong><a rel=\"noreferrer noopener\" href=\"https:\/\/www.fr.ch\/travail-et-entreprises\/employes\/conge-de-maternite-paternite\" target=\"_blank\">Cong\u00e9 de paternit\u00e9<\/a> d\u00e8s le 1er janvier 2022<\/strong><\/p><h2 class=\"wp-block-heading\" style=\"font-size:14px\"><br>Sur pr\u00e9sentation de l\u2019acte de naissance ou d\u2019une pi\u00e8ce officielle, le collaborateur a droit \u00e0 un cong\u00e9 pay\u00e9 de 15 jours ouvrables (pour tous les p\u00e8res dont l&rsquo;enfant est n\u00e9 d\u00e8s le 1er janvier 2022) au prorata de son taux d&rsquo;activit\u00e9.<br><br>Le cong\u00e9 peut \u00eatre pris en une fois ou fractionn\u00e9. Il doit \u00eatre pris au plus tard dans les 6 mois qui suivent la naissance.<\/h2><p><\/p><p><\/p>","protected":false},"excerpt":{"rendered":"<p>Autorit\u00e9 parentale conjointe d\u00e8s le 1er juillet 2014 C&rsquo;est finalement le 1er juillet 2014 que l&rsquo;autorit\u00e9 parentale conjointe deviendra la r\u00e8gle. Attendue pour le 1er janvier de la m\u00eame ann\u00e9e, c&rsquo;est \u00e0 la demande de la Conf\u00e9rence des cantons en mati\u00e8re de protection de l&rsquo;enfant et de l&rsquo;adulte (COPMA) que l&rsquo;entr\u00e9e en vigueur a \u00e9t\u00e9 &#8230; <a title=\"News Officielles\" class=\"read-more\" href=\"https:\/\/devtest.mcpf.ch\/?p=86\" aria-label=\"En savoir plus sur News Officielles\">Lire la suite<\/a><\/p>\n","protected":false},"author":1,"featured_media":0,"comment_status":"open","ping_status":"closed","sticky":false,"template":"","format":"standard","meta":{"footnotes":""},"categories":[1],"tags":[],"class_list":["post-86","post","type-post","status-publish","format-standard","hentry","category-uncategorized"],"jetpack_featured_media_url":"","_links":{"self":[{"href":"https:\/\/devtest.mcpf.ch\/index.php?rest_route=\/wp\/v2\/posts\/86"}],"collection":[{"href":"https:\/\/devtest.mcpf.ch\/index.php?rest_route=\/wp\/v2\/posts"}],"about":[{"href":"https:\/\/devtest.mcpf.ch\/index.php?rest_route=\/wp\/v2\/types\/post"}],"author":[{"embeddable":true,"href":"https:\/\/devtest.mcpf.ch\/index.php?rest_route=\/wp\/v2\/users\/1"}],"replies":[{"embeddable":true,"href":"https:\/\/devtest.mcpf.ch\/index.php?rest_route=%2Fwp%2Fv2%2Fcomments&post=86"}],"version-history":[{"count":9,"href":"https:\/\/devtest.mcpf.ch\/index.php?rest_route=\/wp\/v2\/posts\/86\/revisions"}],"predecessor-version":[{"id":179,"href":"https:\/\/devtest.mcpf.ch\/index.php?rest_route=\/wp\/v2\/posts\/86\/revisions\/179"}],"wp:attachment":[{"href":"https:\/\/devtest.mcpf.ch\/index.php?rest_route=%2Fwp%2Fv2%2Fmedia&parent=86"}],"wp:term":[{"taxonomy":"category","embeddable":true,"href":"https:\/\/devtest.mcpf.ch\/index.php?rest_route=%2Fwp%2Fv2%2Fcategories&post=86"},{"taxonomy":"post_tag","embeddable":true,"href":"https:\/\/devtest.mcpf.ch\/index.php?rest_route=%2Fwp%2Fv2%2Ftags&post=86"}],"curies":[{"name":"wp","href":"https:\/\/api.w.org\/{rel}","templated":true}]}}