{"id":79,"date":"2022-08-08T12:47:31","date_gmt":"2022-08-08T12:47:31","guid":{"rendered":"https:\/\/mcpf2020.mcpf.ch\/MCPF2020NewSite\/?p=79"},"modified":"2022-08-09T14:18:41","modified_gmt":"2022-08-09T14:18:41","slug":"status","status":"publish","type":"post","link":"https:\/\/devtest.mcpf.ch\/?p=79","title":{"rendered":"Status"},"content":{"rendered":"<p class=\"has-medium-font-size\"><strong>PREMIERS STATUS<\/strong><\/p><h2 class=\"has-medium-font-size wp-block-heading\"><strong>Proc\u00e8s-verbal de l\u2019Assembl\u00e9e constitutive du 9 d\u00e9cembre 2004 du MCPF<\/strong><\/h2><p>C\u2019est \u00e0 l\u2019initiative d\u2019un groupe de travail r\u00e9unissant quelques personnes \u00e0 plusieurs reprises pendant trois mois, qu\u2019a eu lieu le 9 d\u00e9cembre 2004, l\u2019assembl\u00e9e constitutive du\u00a0 (MCPF), Mouvement de la Condition Paternelle Fribourg pour une \u00e9quivalence parentale, \u00e0 l\u2019instar des mouvements d\u00e9j\u00e0 existants dans la plupart des cantons suisses.<\/p><p>L\u2019assembl\u00e9e a lieu au Caf\u00e9 du Jura \u00e0 Fribourg \u00a0et s\u2019ouvre \u00e0 20 heures 15 par l\u2019animateur M. Alain Nicolet, assist\u00e9 d\u2019autres membres du groupe de travail. <\/p><p>Pas moins d\u2019une\u00a0 cinquantaine de personnes sont \u00a0pr\u00e9sentes pour la conf\u00e9rence en pr\u00e9ambule de la constitution officielle qui suivra. Il souhaite la bienvenue \u00e0 toutes et \u00e0 tous et remercie les personnes pr\u00e9sentes d\u2019avoir consacr\u00e9 du temps pour cette soir\u00e9e. Un remerciement particulier est adress\u00e9 aux orateurs qui interviendront\u00a0 lors de la conf\u00e9rence-d\u00e9bat sur les th\u00e8mes ci-dessous:<\/p><p>Me Anne Giovannini,&nbsp; avocate &nbsp;\u00e0 &nbsp;Fribourg sur le nouveau droit du divorce.<\/p><p>M. Guy Zen-Ruffinen, m\u00e9diateur \u00e0&nbsp; Bourguillon sur la m\u00e9diation familiale.<\/p><p>M. Hans Lehmann de P\u00e8res pour toujours \u00e0 &nbsp;Gen\u00e8ve sur l\u2019\u00e9quivalence parentale.<\/p><p>M. Nicolet rel\u00e8ve avec joie la repr\u00e9sentation de chaque canton romand par les d\u00e9l\u00e9gu\u00e9s d\u2019autres mouvements de la condition paternelle. <br>Ainsi, il salue et souhaite la bienvenue \u00e0 M. Philippe Etter, pr\u00e9sident du MCPV2 Vaud-Valais ainsi que de M. Fran\u00e7ois Albertini, membre du comit\u00e9 et animateur du Papa-contact de Renens\u00a0; M. Paul M\u00e9nard, membre du comit\u00e9 de l\u2019association P\u00e8res pour toujours de Gen\u00e8ve\u00a0; M. Raymond Girardin, pr\u00e9sident de l\u2019association jurassienne de la condition paternelle et\u00a0 M. Patrick Robinson, membre du MCP Neuch\u00e2tel et d\u00e9l\u00e9gu\u00e9 aux relations publiques de Parents forever Switzerland. <\/p><p>Il rel\u00e8ve aussi la pr\u00e9sence et salue Mme Regula Khun-Hammer, du Bureau de l\u2019Egalit\u00e9 Hommes-Femmes et de la Famille du canton de Fribourg ainsi que de Madame Diane Burgy de la fondation FREDI \u00e0 Fribourg (Fondation pour la Recherche d\u2019Enfants Disparus par Internet). Un souhait de bienvenue est \u00e9galement adress\u00e9 aux repr\u00e9sentants de la presse.<\/p><p>Ces personnes sont invit\u00e9es \u00e0 prendre la parole et Fran\u00e7ois Albertini rel\u00e8ve le fait que les p\u00e8res doivent apprendre \u00e0 mieux communiquer. <\/p><p>Paul M\u00e9nard ajoute qu\u2019il faut arr\u00eater les confrontations hommes-femmes, qu\u2019il y a actuellement une mont\u00e9e du mouvement des p\u00e8res et qu\u2019il faut travailler ensemble au niveau cantonal et f\u00e9d\u00e9ral. <\/p><p>Patrick Robinson (en citant Jacques Salom\u00e9) \u00e9voque la r\u00e9flexion sur le r\u00f4le du papa et du p\u00e8re ainsi que celui de la maman et de la m\u00e8re, \u00e9voquant encore le livre de Patrick Guiot \u00ab Paroles d\u2019Hommes &#8211; la cause des hommes pour la paix des sexes \u00bb. <\/p><p>Diane Burgy est heureuse de voir la naissance d\u2019un tel mouvement. Elle pr\u00e9cise que la fondation croule sous les rapts parentaux et que les hommes doivent faire force de persuasion pour \u00e9viter les d\u00e9g\u00e2ts d\u2019un divorce conflictuel. Elle donne \u00e0 l\u2019occasion diverses pistes pour se battre.<\/p><p>L\u2019animateur explique alors bri\u00e8vement le d\u00e9roulement de la soir\u00e9e.<br>1) la conf\u00e9rence-d\u00e9bats avec questions-r\u00e9ponses.<br>2) Le groupe de travail et les nombreux projets qu\u2019il aimerait mener \u00e0 bien.<br>3) L\u2019assembl\u00e9e constitutive elle-m\u00eame.<\/p><p>M. Nicolet rappelle que de la documentation comme l\u2019Equivalence parentale, le SAP (Syndrome d\u2019ali\u00e9nation parentale), Le journal des P\u00e8res, les rubriques de presse ainsi que les statuts provisoires sont \u00e0 disposition de l\u2019assembl\u00e9e.<br><br><br>Page 1<\/p><hr class=\"wp-block-separator has-alpha-channel-opacity\" id=\"null\"\/><p><br><strong>La partie officielle d\u00e9bute vers&nbsp; 23.00 heures<\/strong>&nbsp; suite \u00e0 un riche d\u00e9bat parfois tr\u00e8s anim\u00e9 lors de la conf\u00e9rence-d\u00e9bat (voir article de \u00ab&nbsp;l\u2019Objectif&nbsp;\u00bb dans notre&nbsp; rubrique \u00ab&nbsp;chronique&nbsp;\u00bb), avec le tractanda suivant :<\/p><p>1) Comment est\u00a0 n\u00e9 le groupe de travail et l\u2019id\u00e9e de constituer une association<br>2) Les buts de l\u2019association.<br>3) Quels sont les moyens pour atteindre les objectifs.<br>4) Approbation des statuts et constitution de l\u2019association.<br>5) Election du comit\u00e9<br>6) Fixation de la cotisation annuelle<br>7) Election des v\u00e9rificateurs des comptes<br>8) Divers<br><br><br><strong>1)\u00a0<\/strong>\u00a0<strong>Comment est n\u00e9 le groupe de travail et l\u2019id\u00e9e de constituer une association<br><br><\/strong>Le groupe de travail est constitu\u00e9 de M. Mario Longobardi \u00e0 Sugiez, de M. Paul Robert-Nicoud \u00e0 Grandcour,\u00a0 de M. Marc-Olivier Peter \u00e0 Nant, de Mme Myriam Guerry \u00e0 Posieux (absente ce soir), de M. Pierre Baechler \u00e0 Fribourg et de M. Alain Nicolet \u00e0 Sierre.\u00a0<\/p><p>Tout est parti d&rsquo;un article paru dans un journal fribourgeois qui parlait d&rsquo;un papa se sentant flou\u00e9 et qui fustigeait les juges et son ex. en inscrivant des propos sur le mur de son jardin. Cet article a suscit\u00e9 des r\u00e9actions d&rsquo;autres p\u00e8res se sentant eux aussi dans la m\u00eame situation et ils se sont contact\u00e9s pour \u00e9changer leurs probl\u00e8mes. En constatant qu\u2019en Suisse, il existait des associations pour les papas et qu\u2019il n\u2019y en avait pas dans ce canton, tr\u00e8s vite l&rsquo;id\u00e9e a germ\u00e9 de palier ce manque.&nbsp; Pour ce faire, ils ont pris l&rsquo;habitude de se rencontrer une fois par semaine et le groupe de travail s&rsquo;est donc naturellement mis \u00e0 \u00ab&nbsp;plancher&nbsp;\u00bb sur cette id\u00e9e pour la concr\u00e9tiser. C\u2019est &nbsp;donc pour cela que nous sommes r\u00e9unis ce soir.<br><br><br><strong>2) &nbsp;Les buts de l\u2019association<br><br><\/strong>Selon l\u2019article 2 des statuts, les buts de l\u2019association sont les suivants:<\/p><figure class=\"wp-block-table\"><table><tbody><tr><td>2.1<\/td><td>Mettre en valeur l\u2019\u00e9quivalence parentale en g\u00e9n\u00e9ral et la fonction paternelle en particulier, pour un d\u00e9veloppement harmonieux et un \u00e9panouissement favorable et \u00e9quilibr\u00e9 de l\u2019enfant (en r\u00e9f. aux articles 9 et 18 de la Convention des Droits de l\u2019Enfant de l\u2019O.N.U).<\/td><\/tr><tr><td>2.2<\/td><td>D\u00e9fendre le r\u00f4le et la fonction de chacun des parents lors de contextes conflictuels ou d\u00e9favorables \u00e0 l\u2019enfant, notamment par la m\u00e9diation familiale.<\/td><\/tr><tr><td>2.3<\/td><td>Promouvoir l&rsquo;\u00e9galit\u00e9 ainsi que la coresponsabilit\u00e9 parentale entre les parents s\u00e9par\u00e9s dans l&rsquo;int\u00e9r\u00eat des enfants, ceci dans l&rsquo;\u00e9ducation, l&rsquo;h\u00e9bergement, les relations personnelles et les charges financi\u00e8res.<\/td><\/tr><tr><td>2.4<\/td><td>Informer et sensibiliser \u00e0 ces probl\u00e8mes la magistrature, les institutions sociales, les autorit\u00e9s tut\u00e9laires, les milieux politiques ainsi que le public.<\/td><\/tr><tr><td>2.5<\/td><td>S&rsquo;efforcer de faire \u00e9voluer la l\u00e9gislation, la jurisprudence ou les pr\u00e9jug\u00e9s restreignant l&rsquo;\u00e9galit\u00e9 parentale.<\/td><\/tr><tr><td>2.6<\/td><td>Ecouter, conseiller et soutenir les membres et les personnes qui le sollicitent.<\/td><\/tr><\/tbody><\/table><\/figure><p><br>Page 2<\/p><hr class=\"wp-block-separator has-alpha-channel-opacity\" id=\"null\"\/><figure class=\"wp-block-table\"><table><tbody><tr><td>2.7<\/td><td>D\u00e9fendre les int\u00e9r\u00eats de ses membres ainsi que leurs enfants \u00e0 l&rsquo;\u00e9gard des autorit\u00e9s concern\u00e9es.<\/td><\/tr><tr><td>2.8<\/td><td>Entreprendre toute action d&rsquo;information, de r\u00e9flexion et de formation de ses membres.<\/td><\/tr><tr><td>2.9<\/td><td>Etablir et entretenir des contacts avec toutes autres personnes et associations poursuivant des buts similaires ou des pr\u00e9occupations communes.<\/td><\/tr><\/tbody><\/table><\/figure><p><br><strong>3) &nbsp;Quels sont les moyens pour atteindre les objectifs<br><br><\/strong>Les statuts \u00e9tablis et les buts fix\u00e9s, le groupe s&rsquo;est &nbsp;pench\u00e9 sur les moyens \u00e0 mettre en \u0153uvre. Fort des conseils et de l&rsquo;exp\u00e9rience d&rsquo;autres associations, le groupe a \u00e9labor\u00e9 toute une s\u00e9rie de projets&nbsp; dont certains assez ambitieux. Nous tenons \u00e0 remercier ce soir toutes les personnes qui nous ont apport\u00e9 leur soutien.<\/p><p>Les deux premi\u00e8res choses d\u00e9j\u00e0 entreprises sont&nbsp; la mise en place du site Internet et l\u2019ouverture d\u2019une permanence t\u00e9l\u00e9phonique (SOS-Papa). Mario assure cette derni\u00e8re 24\/24 heures puisqu\u2019il dort avec son natel et a d\u00e9j\u00e0 apport\u00e9 un soutien \u00e0 plusieurs personnes par son \u00e9coute depuis le d\u00e9but du groupe de travail. M. Albertini rel\u00e8ve le fait d\u2019une permanence 24\/24 heures car sur VD-VS elle n\u2019est que de deux fois deux heures par semaine. L\u2019assembl\u00e9e f\u00e9licite Mario&nbsp; par ses applaudissements.&nbsp;<\/p><p>Le site Internet quant \u00e0 lui (www.mcp-fr.ch) &nbsp;est fonctionnel et ne demande qu&rsquo;\u00e0 \u00eatre d\u00e9velopp\u00e9 et compl\u00e9t\u00e9, en particulier avec des informations sp\u00e9cifiques au canton de Fribourg.&nbsp; Un forum sera ouvert en janvier 2005 avec une \u00e9ventuelle option d\u2019un forum romand.<\/p><p>Il est encore pr\u00e9vu de mettre sur pied une permanence d&rsquo;accueil avec l\u2019appui de professionnels pour des informations et conseils ouvert \u00e0 tous, mais cela demandera aussi des moyens financiers et l\u2019\u00e9ch\u00e9ance en est plus lointaine.<\/p><p>A l&rsquo;image des Papa-Contact qui fonctionnent d\u00e9j\u00e0 dans d&rsquo;autres cantons comme Vaud et Valais et dont le bilan est tr\u00e8s positif, un premier papa-contact d\u00e9butera \u00e0 Fribourg en janvier 2005. Fran\u00e7ois Albertini pr\u00e9cise que les Papa-contact sont un lieu d\u2019\u00e9change et de lib\u00e9ration qui permet de donner des pistes, des relais et de cr\u00e9er des liens.&nbsp; Mario ajoute que nous allons explorer la possibilit\u00e9 d\u2019un papa-contact mixte.<\/p><p>L&rsquo;association s&rsquo;est aussi fix\u00e9e comme but de faire \u00e9voluer la l\u00e9gislation, comme d&rsquo;autres associations de ce type. En particulier dans le sens de l\u2019autorit\u00e9 parentale conjointe et&nbsp; de la garde partag\u00e9e pour les parents qui le souhaitent.&nbsp; Dans ce but, il est projet\u00e9 de pr\u00e9parer une initiative et nous en appelons \u00e0 toutes les autres associations suisses en vue de constituer une commission pour travailler sur ce projet.<\/p><p>Le groupe a \u00e9t\u00e9 re\u00e7u par le Service de l\u2019Enfance et de la Jeunesse le 26 octobre puis une d\u00e9l\u00e9gation a \u00e9t\u00e9 re\u00e7ue par Mme la Conseill\u00e8re d\u2019Etat Ruth L\u00fcthi le 2 novembre 2004.<\/p><p>Pour donner quelques chiffres, le groupe de travail s\u2019est r\u00e9uni 13 fois en trois mois. Nous avons distribu\u00e9 environ 3000 papillons dans les bo\u00eetes aux lettres annon\u00e7ant la constitution de l\u2019association, en plus des 200 communes et une vingtaine de services sociaux r\u00e9gionaux inform\u00e9 par courrier postal et courriels. Nous avons encore envoy\u00e9 un communiqu\u00e9 de presse \u00e0 une vingtaine de m\u00e9dias et avons r\u00e9pondu \u00e0 6 interviews qui ont fait l\u2019objet de 5 articles de presse \u00e9crite et 2 diffusions radio.<\/p><p><br>Page 3<\/p><hr class=\"wp-block-separator has-alpha-channel-opacity\" id=\"null\"\/><p><strong>4) &nbsp;Approbation des statuts et constitution de l\u2019association<\/strong><\/p><p>Vu l\u2019heure avanc\u00e9e et le temps restant \u00e0 notre disposition, d\u00e9cision est prise par l\u2019assembl\u00e9e de ne pas lire les statuts, des exemplaires ayant \u00e9t\u00e9 mis \u00e0 disposition au d\u00e9but de la soir\u00e9e ainsi que sur le site internet. Le but n\u2019\u00e9tant pas de modifier ces derniers en pl\u00e9num mais de les approuver en bloc, \u00e9tant donn\u00e9 qu\u2019ils sont modifiables en tout temps.&nbsp; Il a toutefois \u00e9t\u00e9 pris note de quelques remarques pertinentes de la part de&nbsp; M. Gambini et des modifications seront propos\u00e9es \u00e0 la prochaine assembl\u00e9e g\u00e9n\u00e9rale. Les statuts sont ensuite approuv\u00e9s \u00e0 l\u2019unanimit\u00e9 par les 23 membres fondateurs pr\u00e9sents. L\u2019association est ainsi officialis\u00e9e&nbsp; \u00e0 23.30 heures.<br><br><br><strong>5)&nbsp;&nbsp;Election du comit\u00e9<\/strong><\/p><p>Quatre membres du groupe de travail se pr\u00e9sentent \u00e0 l\u2019\u00e9lection du comit\u00e9. Il s\u2019agit de Alain Nicolet, Mario Longobardi, Paul Robert-Nicoud et Pierre Baechler qui sont maintenant d\u00e9j\u00e0 un peu connu de l\u2019assembl\u00e9e et qui se pr\u00e9sentent bri\u00e8vement ainsi que leur motivations \u00e0 s\u2019engager. Personnes d\u2019autres n\u2019\u00e9tant candidat, l\u2019assembl\u00e9e \u00e9lit les membres du comit\u00e9 en bloc et par acclamation.<\/p><p>Le comit\u00e9 se constituera 2 jours plus tard&nbsp; \u00e0 l\u2019instar des ex\u00e9cutifs communaux comme suit&nbsp;: Alain Nicolet assumera la Pr\u00e9sidence et sera appuy\u00e9 par Pierre Baechler \u00e0 la Vice-Pr\u00e9sidence. La tr\u00e9sorerie sera assur\u00e9e par Paul Robert-Nicoud tandis que Mario Longobardi continuera d\u2019assumer la permanence t\u00e9l\u00e9phonique en plus de l\u2019animation du papa-contact.<br><br><br><strong>6) Fixation de la cotisation annuelle<\/strong><\/p><p>Apr\u00e8s des remarques de membres comme \u00ab rien n\u2019emp\u00eache de payer plus pour ceux qui le peuvent \u00bb et une demande de pr\u00e9ciser \u00ab l\u2019aspect financier ne doit pas \u00eatre une entrave pour devenir membre (n\u2019h\u00e9siter pas \u00e0 nous contacter) \u00bb lors de l\u2019envoi de la cotisation annuelle, celle-ci est fix\u00e9e CHF 60.- soit CHF 5.-\/mois y compris l\u2019abonnement au Journal des P\u00e8res.&nbsp;<br><br><br><strong>7) Election des v\u00e9rificateurs des comptes<\/strong><\/p><p>Christian Aebischer et Marc-Olivier Peter sont \u00e9lus en tant que v\u00e9rificateurs des comptes avec Fr\u00e9d\u00e9ric Baton comme suppl\u00e9ant.<br><br><br><strong>8) Divers<\/strong><\/p><p>Un membre remercie le groupe de travail pour les t\u00e2ches accomplies en confirmant le manque d\u2019appui dans le canton et que le mouvement sera une \u00ab \u00e9paule \u00bb pour orienter et soutenir les papas. Apr\u00e8s les applaudissements spontan\u00e9s de l\u2019assembl\u00e9e, un autre membre encore boulevers\u00e9 par les situations tragiques entendues lors de la conf\u00e9rence-d\u00e9bat nous dira encore simplement \u00ab merci ! \u00bb puis Diane B\u00fcrgy rajoutera le mot de la fin en disant :<br>&nbsp;&nbsp;&nbsp;&nbsp;&nbsp;&nbsp;&nbsp;&nbsp;&nbsp;&nbsp;&nbsp;&nbsp;&nbsp;&nbsp;&nbsp;&nbsp;&nbsp;&nbsp;&nbsp;&nbsp;&nbsp;&nbsp;&nbsp;&nbsp;&nbsp;&nbsp;&nbsp;&nbsp;&nbsp;&nbsp;&nbsp;&nbsp;&nbsp;&nbsp;&nbsp;&nbsp;&nbsp;&nbsp;&nbsp;&nbsp;&nbsp;&nbsp;&nbsp;&nbsp;&nbsp;&nbsp;&nbsp;&nbsp;&nbsp;&nbsp;&nbsp;&nbsp;&nbsp;&nbsp;&nbsp;&nbsp;&nbsp;&nbsp;&nbsp;&nbsp;&nbsp;&nbsp;&nbsp;&nbsp;&nbsp;&nbsp;&nbsp;&nbsp;&nbsp;&nbsp;&nbsp;&nbsp;&nbsp;&nbsp;&nbsp;&nbsp;&nbsp;&nbsp;&nbsp;&nbsp;&nbsp;&nbsp;&nbsp;&nbsp;&nbsp;&nbsp;&nbsp;&nbsp;&nbsp;&nbsp;&nbsp;&nbsp;&nbsp;&nbsp;&nbsp;&nbsp;&nbsp;&nbsp;&nbsp;&nbsp;&nbsp;&nbsp;&nbsp;&nbsp;&nbsp;&nbsp;&nbsp;\u00ab \u00e0 vous de ne pas vous laisser avoir ! \u00bb.<br><br>Le second applaudissement g\u00e9n\u00e9ral ferme ainsi l\u2019assembl\u00e9e constitutive \u00e0 23.50 heures. Bonne rentr\u00e9e et bonne nuit \u00e0 toutes et \u00e0 tous.<\/p><p>&nbsp;&nbsp;&nbsp;&nbsp;&nbsp;&nbsp;&nbsp;&nbsp;&nbsp;&nbsp;&nbsp;&nbsp;&nbsp;&nbsp;&nbsp;&nbsp;&nbsp;&nbsp;&nbsp;&nbsp;&nbsp;&nbsp;&nbsp;&nbsp;&nbsp;&nbsp;&nbsp;&nbsp;&nbsp;&nbsp;&nbsp;&nbsp;&nbsp;&nbsp;&nbsp;&nbsp;&nbsp;&nbsp;&nbsp;&nbsp;&nbsp;&nbsp;&nbsp;&nbsp;&nbsp;&nbsp;&nbsp;&nbsp;&nbsp;&nbsp;&nbsp;&nbsp;&nbsp;&nbsp;&nbsp;&nbsp;&nbsp;&nbsp;&nbsp;&nbsp;&nbsp;&nbsp;&nbsp;&nbsp;&nbsp;&nbsp;&nbsp;&nbsp;&nbsp;&nbsp;&nbsp;&nbsp;&nbsp;&nbsp;&nbsp;&nbsp;&nbsp;&nbsp;&nbsp;&nbsp;&nbsp;&nbsp;&nbsp;&nbsp;&nbsp;&nbsp;&nbsp;&nbsp;&nbsp;&nbsp;&nbsp;&nbsp;&nbsp;&nbsp;&nbsp;&nbsp;&nbsp;&nbsp;&nbsp;&nbsp;&nbsp;&nbsp; &nbsp;&nbsp;&nbsp;&nbsp;&nbsp;&nbsp;&nbsp;&nbsp;&nbsp;&nbsp;&nbsp;&nbsp;&nbsp;&nbsp;&nbsp;&nbsp;&nbsp;&nbsp;&nbsp;&nbsp;&nbsp;&nbsp;&nbsp;&nbsp;&nbsp;&nbsp;&nbsp;&nbsp;&nbsp;&nbsp;&nbsp;&nbsp;&nbsp;&nbsp;&nbsp;&nbsp;&nbsp;&nbsp;&nbsp;&nbsp;&nbsp;&nbsp;&nbsp;&nbsp;&nbsp;&nbsp;&nbsp;&nbsp;&nbsp;&nbsp;&nbsp;&nbsp;&nbsp;&nbsp;&nbsp;&nbsp;&nbsp; &nbsp;Le secr\u00e9taire du jour&nbsp;<\/p><p><\/p><p class=\"has-medium-font-size\"><strong>DERNIERS STATUS<\/strong><\/p>","protected":false},"excerpt":{"rendered":"<p>PREMIERS STATUS Proc\u00e8s-verbal de l\u2019Assembl\u00e9e constitutive du 9 d\u00e9cembre 2004 du MCPF C\u2019est \u00e0 l\u2019initiative d\u2019un groupe de travail r\u00e9unissant quelques personnes \u00e0 plusieurs reprises pendant trois mois, qu\u2019a eu lieu le 9 d\u00e9cembre 2004, l\u2019assembl\u00e9e constitutive du\u00a0 (MCPF), Mouvement de la Condition Paternelle Fribourg pour une \u00e9quivalence parentale, \u00e0 l\u2019instar des mouvements d\u00e9j\u00e0 existants &#8230; <a title=\"Status\" class=\"read-more\" href=\"https:\/\/devtest.mcpf.ch\/?p=79\" aria-label=\"En savoir plus sur Status\">Lire la suite<\/a><\/p>\n","protected":false},"author":1,"featured_media":0,"comment_status":"open","ping_status":"closed","sticky":false,"template":"","format":"standard","meta":{"footnotes":""},"categories":[1],"tags":[],"class_list":["post-79","post","type-post","status-publish","format-standard","hentry","category-uncategorized"],"jetpack_featured_media_url":"","_links":{"self":[{"href":"https:\/\/devtest.mcpf.ch\/index.php?rest_route=\/wp\/v2\/posts\/79"}],"collection":[{"href":"https:\/\/devtest.mcpf.ch\/index.php?rest_route=\/wp\/v2\/posts"}],"about":[{"href":"https:\/\/devtest.mcpf.ch\/index.php?rest_route=\/wp\/v2\/types\/post"}],"author":[{"embeddable":true,"href":"https:\/\/devtest.mcpf.ch\/index.php?rest_route=\/wp\/v2\/users\/1"}],"replies":[{"embeddable":true,"href":"https:\/\/devtest.mcpf.ch\/index.php?rest_route=%2Fwp%2Fv2%2Fcomments&post=79"}],"version-history":[{"count":2,"href":"https:\/\/devtest.mcpf.ch\/index.php?rest_route=\/wp\/v2\/posts\/79\/revisions"}],"predecessor-version":[{"id":281,"href":"https:\/\/devtest.mcpf.ch\/index.php?rest_route=\/wp\/v2\/posts\/79\/revisions\/281"}],"wp:attachment":[{"href":"https:\/\/devtest.mcpf.ch\/index.php?rest_route=%2Fwp%2Fv2%2Fmedia&parent=79"}],"wp:term":[{"taxonomy":"category","embeddable":true,"href":"https:\/\/devtest.mcpf.ch\/index.php?rest_route=%2Fwp%2Fv2%2Fcategories&post=79"},{"taxonomy":"post_tag","embeddable":true,"href":"https:\/\/devtest.mcpf.ch\/index.php?rest_route=%2Fwp%2Fv2%2Ftags&post=79"}],"curies":[{"name":"wp","href":"https:\/\/api.w.org\/{rel}","templated":true}]}}