{"id":76,"date":"2022-08-08T12:47:31","date_gmt":"2022-08-08T12:47:31","guid":{"rendered":"https:\/\/mcpf2020.mcpf.ch\/MCPF2020NewSite\/?p=76"},"modified":"2022-08-09T10:18:05","modified_gmt":"2022-08-09T10:18:05","slug":"evenements","status":"publish","type":"post","link":"https:\/\/devtest.mcpf.ch\/?p=76","title":{"rendered":"Evenements"},"content":{"rendered":"<p><\/p><p><\/p><h2 class=\"has-medium-font-size wp-block-heading\"><strong>JE PARTICIPE !<\/strong><\/h2><p>Le MCPF a \u00e9t\u00e9 un acteur actif dans le cadre de la 3\u00e8me journ\u00e9e qui a eu lieu en 2017 et la 4\u00e8me journ\u00e9e de travail organis\u00e9e par l&rsquo;Etat de Fribourg &#8211; Le DSAS &#8211; en date du 20 septembre 2019.<\/p><p>Vous pouvez obtenir de plus amples informations <a href=\"https:\/\/www.fr.ch\/vie-quotidienne\/enfance-jeunesse-et-famille\/plan-daction-cantonal-je-participe\" target=\"_blank\" rel=\"noreferrer noopener\">sur ce lien<\/a>.<\/p><p><\/p><p><\/p><h2 class=\"has-medium-font-size wp-block-heading\"><strong>LES GRILLADES DE LA RENTREE<\/strong><\/h2><p>A l&rsquo;occasion de la rentr\u00e9e scolaire, le MCPF organise courant septembre 2022 les grillades de la rentr\u00e9e.<\/p><h2 class=\"has-medium-font-size wp-block-heading\"><strong>PERES NOEL BLEUS<\/strong><\/h2><p>En date du 04 d\u00e9cembre 2010, pour la premi\u00e8re fois en Suisse Romande, des p\u00e8res No\u00ebl v\u00eatus de bleu d\u00e9ambul\u00e8rent et tinrent des stands dans les divers march\u00e9s de No\u00ebl et les rues commer\u00e7antes.<\/p><p>Depuis, chaque ann\u00e9e les p\u00e8res No\u00ebl v\u00eatus de bleu d\u00e9ambulent \u00e0 la d\u00e9but d\u00e9cembre \u00e0 la place de la Palud \u00e0 Lausanne. Par cette action d\u00e9tonante, les organisations paternelles et de co-parentalit\u00e9 souhaitent sensibiliser l&rsquo;opinion publique sur le fait que beaucoup d&rsquo;enfants en Suisse passent les f\u00eates de No\u00ebl sans avoir la possibilit\u00e9 de voir un de leur parent.<br>Ceci au m\u00e9pris des droits de l&rsquo;enfant et des droits de l&rsquo;homme.<\/p><div class=\"wp-block-image\"><figure class=\"aligncenter size-full\"><img loading=\"lazy\" decoding=\"async\" width=\"720\" height=\"424\" src=\"https:\/\/mcpf2020.mcpf.ch\/MCPF2020NewSite\/wp-content\/uploads\/2022\/08\/Peres-Noel-Bleu1-1.png\" alt=\"\" class=\"wp-image-236\" srcset=\"https:\/\/devtest.mcpf.ch\/wp-content\/uploads\/2022\/08\/Peres-Noel-Bleu1-1.png 720w, https:\/\/devtest.mcpf.ch\/wp-content\/uploads\/2022\/08\/Peres-Noel-Bleu1-1-300x177.png 300w, https:\/\/devtest.mcpf.ch\/wp-content\/uploads\/2022\/08\/Peres-Noel-Bleu1-1-600x353.png 600w\" sizes=\"(max-width: 720px) 100vw, 720px\" \/><\/figure><\/div><p>Cette action est soutenue par plus de 10 associations Suisses dont le MCPF.<\/p>","protected":false},"excerpt":{"rendered":"<p>JE PARTICIPE ! Le MCPF a \u00e9t\u00e9 un acteur actif dans le cadre de la 3\u00e8me journ\u00e9e qui a eu lieu en 2017 et la 4\u00e8me journ\u00e9e de travail organis\u00e9e par l&rsquo;Etat de Fribourg &#8211; Le DSAS &#8211; en date du 20 septembre 2019. Vous pouvez obtenir de plus amples informations sur ce lien. LES &#8230; <a title=\"Evenements\" class=\"read-more\" href=\"https:\/\/devtest.mcpf.ch\/?p=76\" aria-label=\"En savoir plus sur Evenements\">Lire la suite<\/a><\/p>\n","protected":false},"author":1,"featured_media":0,"comment_status":"open","ping_status":"closed","sticky":false,"template":"","format":"standard","meta":{"footnotes":""},"categories":[1],"tags":[],"class_list":["post-76","post","type-post","status-publish","format-standard","hentry","category-uncategorized"],"jetpack_featured_media_url":"","_links":{"self":[{"href":"https:\/\/devtest.mcpf.ch\/index.php?rest_route=\/wp\/v2\/posts\/76"}],"collection":[{"href":"https:\/\/devtest.mcpf.ch\/index.php?rest_route=\/wp\/v2\/posts"}],"about":[{"href":"https:\/\/devtest.mcpf.ch\/index.php?rest_route=\/wp\/v2\/types\/post"}],"author":[{"embeddable":true,"href":"https:\/\/devtest.mcpf.ch\/index.php?rest_route=\/wp\/v2\/users\/1"}],"replies":[{"embeddable":true,"href":"https:\/\/devtest.mcpf.ch\/index.php?rest_route=%2Fwp%2Fv2%2Fcomments&post=76"}],"version-history":[{"count":15,"href":"https:\/\/devtest.mcpf.ch\/index.php?rest_route=\/wp\/v2\/posts\/76\/revisions"}],"predecessor-version":[{"id":237,"href":"https:\/\/devtest.mcpf.ch\/index.php?rest_route=\/wp\/v2\/posts\/76\/revisions\/237"}],"wp:attachment":[{"href":"https:\/\/devtest.mcpf.ch\/index.php?rest_route=%2Fwp%2Fv2%2Fmedia&parent=76"}],"wp:term":[{"taxonomy":"category","embeddable":true,"href":"https:\/\/devtest.mcpf.ch\/index.php?rest_route=%2Fwp%2Fv2%2Fcategories&post=76"},{"taxonomy":"post_tag","embeddable":true,"href":"https:\/\/devtest.mcpf.ch\/index.php?rest_route=%2Fwp%2Fv2%2Ftags&post=76"}],"curies":[{"name":"wp","href":"https:\/\/api.w.org\/{rel}","templated":true}]}}