{"id":222,"date":"2022-08-09T09:35:21","date_gmt":"2022-08-09T09:35:21","guid":{"rendered":"https:\/\/mcpf2020.mcpf.ch\/MCPF2020NewSite\/?p=222"},"modified":"2022-08-09T12:34:00","modified_gmt":"2022-08-09T12:34:00","slug":"documents-et-livres","status":"publish","type":"post","link":"https:\/\/devtest.mcpf.ch\/?p=222","title":{"rendered":"Documents et Livres"},"content":{"rendered":"<p><\/p><h2 class=\"has-medium-font-size wp-block-heading\"><strong>Mod\u00e8le de Cochem<\/strong><\/h2><p><strong>Juges aux affaires familiales et Tribunal de la famille, c\u2019est fini !<\/strong>\u00a0 <br><br>En 2008, Notre Parlement cantonal a dit non et ne veut pas entendre parler de sp\u00e9cialisation des Juges. <br><br>Notons que les Juges aux affaires familiales (JAF) existent depuis longtemps en France aussi. <br>C\u2019est donc le statut quo et les conflits parentaux concernant les enfants continueront \u00e0 \u00eatre g\u00e9r\u00e9s comme par le pass\u00e9. <br>Torpill\u00e9 par la Commission de Justice du Grand Conseil selon le Ministre de la Justice, cette derni\u00e8re a propos\u00e9 \u00e0 la place du projet du Conseil d&rsquo;Etat de favoriser la m\u00e9diation, mais a introduit une restriction aux seuls parents qui sont d\u2019accord. <br>Ainsi nos Juges fribourgeois et Autorit\u00e9s tut\u00e9laires ne pourront pas utiliser la m\u00e9diation ordonn\u00e9e.<\/p><p>Une clef importante du grand succ\u00e8s de la pratique de Cochem, aujourd\u2019hui d\u00e9ploy\u00e9e dans toute l\u2019Allemagne, r\u00e9side justement dans le fait que le Juge aux affaires familiales envoie en m\u00e9diation (conseil de vie) des parents en conflit m\u00eame contre le gr\u00e9 d\u2019un des parents.\u00a0 <br>Pour le parent le plus r\u00e9calcitrant, il se voit envoy\u00e9 en th\u00e9rapie et son \u00e9ventuel refus de collaborer est consid\u00e9r\u00e9 comme un manque de capacit\u00e9 parentale voire une \u00e9ventuelle maltraitance envers les enfants pouvant entra\u00eener un refus de garde.<\/p><p>Derni\u00e8rement, le Tribunal f\u00e9d\u00e9ral a confirm\u00e9 la base l\u00e9gale pour imposer une m\u00e9diation et ses effets positifs. Le Code de proc\u00e9dure f\u00e9d\u00e9ral ne pr\u00e9voit pas la condition de l\u2019accord des deux parents pour recourir \u00e0 la m\u00e9diation.&nbsp; Notre parlement fribourgeois a donc finalement fait un pas en arri\u00e8re et d\u00e9cid\u00e9 un article de loi qui sera certainement tr\u00e8s vite controvers\u00e9.<\/p><p>Dans l\u2019historique du d\u00e9veloppement de la pratique de Cochem,&nbsp; il est int\u00e9ressant de relever que ce sont les avocats qui souhaitaient am\u00e9liorer et surtout raccourcir la proc\u00e9dure, le montant de leurs honoraires \u00e9tant forfaitaire pour une s\u00e9paration ou divorce quelque soit le travail \u00e0 fournir.<\/p><p><\/p><h2 class=\"has-medium-font-size wp-block-heading\"><strong>Chanson \u00a0\u00bbLa Complainte des Papas\u00a0\u00bb <\/strong><\/h2><p><\/p><figure class=\"wp-block-table\"><table><tbody><tr><td>1) Parents divorc\u00e9s<br>Enfants mal barr\u00e9s<br>Le p\u00e8re ou la m\u00e8re<br>C&rsquo;est la m\u00eame gal\u00e8re<br><br>Refrain<br><br>2) Pour l&rsquo;autorit\u00e9<br>Souvent \u00e0 maman<br>C&rsquo;est pour les enfants<br>Papa mis d&rsquo;c\u00f4t\u00e9<br><br>3) La garde partag\u00e9e<br>Pas toujours r\u00e9gl\u00e9e<br>Cong\u00e9 paternel<br>C&rsquo;est pas d&rsquo;main la veille<br><br>Refrain<br><br>4) Le droit de visite<br>Si mal respect\u00e9<br>Les p\u00e8res m\u00e9pris\u00e9s<br>Enfants perturb\u00e9s<\/td><td>5) Et pour la pension<br>Monsieur doit payer<br>Factures acquitt\u00e9es<br>Toujours le pognon<br><br>Refrain<br><br>6) La justice tranch&rsquo;ra<br>Mais on sait d\u00e9j\u00e0<br>Les juges et les lois<br>S&rsquo;arrang&rsquo;rons chaque fois<br><br>7) Et de ces souffrances<br>Suscite la violence<br>Incivilit\u00e9s<br>Choix de soci\u00e9t\u00e9<br><br>Refrain<br><br>8) L&rsquo;enfant dans tout \u00e7a<br>Toujours ballott\u00e9<br>A gauche ou \u00e0 droite<br>M\u00eame discours chaq&rsquo; fois<\/td><td>9) Il faut en finir<br>Avec ces conflits<br>Car pour nos petits<br>On joue leur av&rsquo;nir<br><br>Refrain<br><br>10) Aux institutions<br>La coop\u00e9ration<br>Et la m\u00e9diation<br>C&rsquo;est la solution<br><br>11) Aux autorit\u00e9s<br>Pour notre soci\u00e9t\u00e9&nbsp;<br>Aidez nos enfants<br>Nos futurs parents<br><br>Refrain<\/td><td>REFRAIN<br>Pour l&rsquo;\u00e9galit\u00e9;<br>Modifions la loi<br>Ensemble on fera<br>Une seule unit\u00e9<br><br>Pour la dignit\u00e9<br>Ensemble on fera<br>Appliquer la loi<br>Nous veill&rsquo;rons \u00e0 \u00e7a<br><br>FINAL<br>Appliquer la loi<br>Nous veill&rsquo;rons \u00e0 \u00e7a&nbsp;<br>Appliquer la loi<br>Nous veill&rsquo;rons \u00e0 \u00e7a<br><br>Copyright Suisa 2007<br>\u00ab Rapha\u00ebl Menestrel \u00bb<br>Meneghelli Rapha\u00ebl<br>079 647 04 28<\/td><\/tr><\/tbody><\/table><\/figure><div class=\"wp-block-image\"><figure class=\"aligncenter size-full\"><img loading=\"lazy\" decoding=\"async\" width=\"838\" height=\"550\" src=\"https:\/\/mcpf2020.mcpf.ch\/MCPF2020NewSite\/wp-content\/uploads\/2022\/08\/Complainte-des-papas-1.png\" alt=\"\" class=\"wp-image-262\" srcset=\"https:\/\/devtest.mcpf.ch\/wp-content\/uploads\/2022\/08\/Complainte-des-papas-1.png 838w, https:\/\/devtest.mcpf.ch\/wp-content\/uploads\/2022\/08\/Complainte-des-papas-1-300x197.png 300w, https:\/\/devtest.mcpf.ch\/wp-content\/uploads\/2022\/08\/Complainte-des-papas-1-768x504.png 768w, https:\/\/devtest.mcpf.ch\/wp-content\/uploads\/2022\/08\/Complainte-des-papas-1-600x394.png 600w\" sizes=\"(max-width: 838px) 100vw, 838px\" \/><\/figure><\/div>","protected":false},"excerpt":{"rendered":"<p>Mod\u00e8le de Cochem Juges aux affaires familiales et Tribunal de la famille, c\u2019est fini !\u00a0 En 2008, Notre Parlement cantonal a dit non et ne veut pas entendre parler de sp\u00e9cialisation des Juges. Notons que les Juges aux affaires familiales (JAF) existent depuis longtemps en France aussi. C\u2019est donc le statut quo et les conflits &#8230; <a title=\"Documents et Livres\" class=\"read-more\" href=\"https:\/\/devtest.mcpf.ch\/?p=222\" aria-label=\"En savoir plus sur Documents et Livres\">Lire la suite<\/a><\/p>\n","protected":false},"author":1,"featured_media":0,"comment_status":"open","ping_status":"closed","sticky":false,"template":"","format":"standard","meta":{"footnotes":""},"categories":[1],"tags":[],"class_list":["post-222","post","type-post","status-publish","format-standard","hentry","category-uncategorized"],"jetpack_featured_media_url":"","_links":{"self":[{"href":"https:\/\/devtest.mcpf.ch\/index.php?rest_route=\/wp\/v2\/posts\/222"}],"collection":[{"href":"https:\/\/devtest.mcpf.ch\/index.php?rest_route=\/wp\/v2\/posts"}],"about":[{"href":"https:\/\/devtest.mcpf.ch\/index.php?rest_route=\/wp\/v2\/types\/post"}],"author":[{"embeddable":true,"href":"https:\/\/devtest.mcpf.ch\/index.php?rest_route=\/wp\/v2\/users\/1"}],"replies":[{"embeddable":true,"href":"https:\/\/devtest.mcpf.ch\/index.php?rest_route=%2Fwp%2Fv2%2Fcomments&post=222"}],"version-history":[{"count":5,"href":"https:\/\/devtest.mcpf.ch\/index.php?rest_route=\/wp\/v2\/posts\/222\/revisions"}],"predecessor-version":[{"id":263,"href":"https:\/\/devtest.mcpf.ch\/index.php?rest_route=\/wp\/v2\/posts\/222\/revisions\/263"}],"wp:attachment":[{"href":"https:\/\/devtest.mcpf.ch\/index.php?rest_route=%2Fwp%2Fv2%2Fmedia&parent=222"}],"wp:term":[{"taxonomy":"category","embeddable":true,"href":"https:\/\/devtest.mcpf.ch\/index.php?rest_route=%2Fwp%2Fv2%2Fcategories&post=222"},{"taxonomy":"post_tag","embeddable":true,"href":"https:\/\/devtest.mcpf.ch\/index.php?rest_route=%2Fwp%2Fv2%2Ftags&post=222"}],"curies":[{"name":"wp","href":"https:\/\/api.w.org\/{rel}","templated":true}]}}